{"id":208,"count":3,"description":"","link":"https:\/\/mediathek.glorylife.net\/en\/category\/konferenzen-events\/seminartag-natuerlich-uebernatuerlich-schweiz-september-2025\/","name":"Seminartag \"Nat\u00fcrlich \u00dcbernat\u00fcrlich\" Schweiz | September 2025","slug":"seminartag-natuerlich-uebernatuerlich-schweiz-september-2025","taxonomy":"category","parent":12,"meta":[],"acf":[],"_links":{"self":[{"href":"https:\/\/mediathek.glorylife.net\/en\/wp-json\/wp\/v2\/categories\/208"}],"collection":[{"href":"https:\/\/mediathek.glorylife.net\/en\/wp-json\/wp\/v2\/categories"}],"about":[{"href":"https:\/\/mediathek.glorylife.net\/en\/wp-json\/wp\/v2\/taxonomies\/category"}],"up":[{"embeddable":true,"href":"https:\/\/mediathek.glorylife.net\/en\/wp-json\/wp\/v2\/categories\/12"}],"wp:post_type":[{"href":"https:\/\/mediathek.glorylife.net\/en\/wp-json\/wp\/v2\/posts?categories=208"}],"curies":[{"name":"wp","href":"https:\/\/api.w.org\/{rel}","templated":true}]}}